{"id":1412,"date":"2014-09-05T22:47:02","date_gmt":"2014-09-05T19:47:02","guid":{"rendered":"http:\/\/tps-kannattajat.net\/site\/?p=1412"},"modified":"2014-09-05T23:07:52","modified_gmt":"2014-09-05T20:07:52","slug":"kannanotto-hc-tps-turku-oyn-rekrytoinnista","status":"publish","type":"post","link":"https:\/\/tps-kannattajat.net\/site\/kannanotto-hc-tps-turku-oyn-rekrytoinnista\/","title":{"rendered":"Kannanotto HC TPS Turku Oy:n rekrytoinnista"},"content":{"rendered":"<p>HC TPS ilmoitti syksyll\u00e4 2014 avoimesta Community Managerin teht\u00e4v\u00e4st\u00e4. Ilmoituksen mukaan haussa oli henkil\u00f6, jonka syd\u00e4n sykkii j\u00e4\u00e4kiekolle sek\u00e4 TPS:lle. Vastuualueiksi mainitaan yhteydenpito TPS:n kannattajien ja seuran v\u00e4lill\u00e4, sek\u00e4 vastata yhteisist\u00e4 tapahtumista ja matkoista kannattajien kanssa.<\/p>\n<p>TPS-kannattajat on tyrmistynyt rekrytoinnin lopputuloksesta ja valitusta henkil\u00f6st\u00e4. Community Managerin teht\u00e4v\u00e4\u00e4n valittiin henkil\u00f6, joka on avoimesti FC Interin kannattaja sek\u00e4 toimii TUTO Hockeyn kannattajaryhm\u00e4ss\u00e4. T\u00e4m\u00e4n lis\u00e4ksi teht\u00e4v\u00e4\u00e4n palkattu henkil\u00f6 on kirjoittanut sosiaalisessa mediassa eritt\u00e4in negatiivisesti Turun Palloseurasta. R\u00e4ike\u00e4n\u00e4 esimerkkin\u00e4 mainittakoon kommentti, jossa ilmaistaan \u201dkaiken olevan pas*aa Artukaisissa\u201d.<\/p>\n<p>Ihmettelemmekin, kuinka HC TPS Turku Oy n\u00e4kee t\u00e4ss\u00e4 henkil\u00f6n, jonka syd\u00e4n sykkii TPS:lle? TPS-kannattajat arvostaa valtavasti seurakulttuuria. Mielest\u00e4mme arvostettavaan seurakulttuurin ei kuulu sellaisten henkil\u00f6iden palkkaaminen, jotka ovat julkisesti pilkanneet seuraamme sek\u00e4 kannattajia, ja ovat mukana paikalliskilpailijoiden kannattajaryhmiss\u00e4. TPS-kannattajien on hyvin vaikea kuvitella tekev\u00e4ns\u00e4 yhteisty\u00f6t\u00e4 meit\u00e4 vastaan sotivan tahon kanssa. \u00a0Yhdess\u00e4 y\u00f6ss\u00e4 ei voi TPS-syd\u00e4nt\u00e4 saavuttaa.<\/p>\n","protected":false},"excerpt":{"rendered":"<p>HC TPS ilmoitti syksyll\u00e4 2014 avoimesta Community Managerin teht\u00e4v\u00e4st\u00e4. Ilmoituksen mukaan haussa oli henkil\u00f6, jonka syd\u00e4n sykkii j\u00e4\u00e4kiekolle sek\u00e4 TPS:lle. &#8230; <a class=\"read-more\" href=\"https:\/\/tps-kannattajat.net\/site\/kannanotto-hc-tps-turku-oyn-rekrytoinnista\/\">LUE LIS\u00c4\u00c4<\/a><\/p>\n","protected":false},"author":1,"featured_media":0,"comment_status":"closed","ping_status":"open","sticky":false,"template":"","format":"standard","meta":{"footnotes":"","_links_to":"","_links_to_target":""},"categories":[28],"tags":[],"class_list":["post-1412","post","type-post","status-publish","format-standard","hentry","category-uutiset"],"_links":{"self":[{"href":"https:\/\/tps-kannattajat.net\/site\/wp-json\/wp\/v2\/posts\/1412","targetHints":{"allow":["GET"]}}],"collection":[{"href":"https:\/\/tps-kannattajat.net\/site\/wp-json\/wp\/v2\/posts"}],"about":[{"href":"https:\/\/tps-kannattajat.net\/site\/wp-json\/wp\/v2\/types\/post"}],"author":[{"embeddable":true,"href":"https:\/\/tps-kannattajat.net\/site\/wp-json\/wp\/v2\/users\/1"}],"replies":[{"embeddable":true,"href":"https:\/\/tps-kannattajat.net\/site\/wp-json\/wp\/v2\/comments?post=1412"}],"version-history":[{"count":4,"href":"https:\/\/tps-kannattajat.net\/site\/wp-json\/wp\/v2\/posts\/1412\/revisions"}],"predecessor-version":[{"id":1417,"href":"https:\/\/tps-kannattajat.net\/site\/wp-json\/wp\/v2\/posts\/1412\/revisions\/1417"}],"wp:attachment":[{"href":"https:\/\/tps-kannattajat.net\/site\/wp-json\/wp\/v2\/media?parent=1412"}],"wp:term":[{"taxonomy":"category","embeddable":true,"href":"https:\/\/tps-kannattajat.net\/site\/wp-json\/wp\/v2\/categories?post=1412"},{"taxonomy":"post_tag","embeddable":true,"href":"https:\/\/tps-kannattajat.net\/site\/wp-json\/wp\/v2\/tags?post=1412"}],"curies":[{"name":"wp","href":"https:\/\/api.w.org\/{rel}","templated":true}]}}