{"id":4840,"date":"2021-02-05T14:48:12","date_gmt":"2021-02-05T12:48:12","guid":{"rendered":"http:\/\/tps-kannattajat.net\/site\/?p=4840"},"modified":"2021-04-16T22:02:06","modified_gmt":"2021-04-16T19:02:06","slug":"vartti-ja-forteen-2-vieraana-juho-lahde-outoa-ettei-voitettu-mestaruutta","status":"publish","type":"post","link":"https:\/\/tps-kannattajat.net\/site\/vartti-ja-forteen-2-vieraana-juho-lahde-outoa-ettei-voitettu-mestaruutta\/","title":{"rendered":"Vartti ja Forteen #2: Vieraana Juho L\u00e4hde &#8211; &#8220;Outoa, ettei voitettu mestaruutta&#8221;"},"content":{"rendered":"\n<p>TPS-kannattajien Vartti ja Forteen -podcastin toisessa jaksossa vierailee jalkapallouransa viime kauteen p\u00e4\u00e4tt\u00e4nyt Juho L\u00e4hde.<\/p>\n\n\n\n<!--more-->\n\n\n\n<p>L\u00e4hde kertoo kattavasti omasta urastaan, l\u00e4pimurrosta TPS:n menestysvuosina, seuran romahduksesta, vaiheistaan Sein\u00e4joella ja Vaasassa, paluusta TPS:\u00e4\u00e4n ja uran lopettamisesta.<\/p>\n\n\n\n<figure class=\"wp-block-embed-spotify wp-block-embed is-type-rich is-provider-spotify wp-embed-aspect-21-9 wp-has-aspect-ratio\"><div class=\"wp-block-embed__wrapper\">\n<iframe loading=\"lazy\" title=\"Spotify Embed: Vartti ja Forteen #2 - Juho L\u00e4hde, osa 1: &quot;Tuntuu oudolta, ettei voitettu mestaruutta&quot;\" width=\"100%\" height=\"232\" allowtransparency=\"true\" frameborder=\"0\" allow=\"encrypted-media\" src=\"https:\/\/open.spotify.com\/embed-podcast\/episode\/0BCK1I8ibEbJWOXIlRkp0G?si=PkDU4Yz-TUCNAOigMxMe_A\"><\/iframe>\n<\/div><\/figure>\n\n\n\n<figure class=\"wp-block-embed-soundcloud wp-block-embed is-type-rich is-provider-soundcloud wp-embed-aspect-4-3 wp-has-aspect-ratio\"><div class=\"wp-block-embed__wrapper\">\n<iframe loading=\"lazy\" title=\"Vartti ja Forteen #2 - Juho L\u00e4hde, osa 1: &quot;Tuntuu oudolta, ettei voitettu mestaruutta&quot; by TPS-kannattajat\" width=\"1200\" height=\"400\" scrolling=\"no\" frameborder=\"no\" src=\"https:\/\/w.soundcloud.com\/player\/?visual=true&#038;url=https%3A%2F%2Fapi.soundcloud.com%2Ftracks%2F979499884&#038;show_artwork=true&#038;maxwidth=1200&#038;maxheight=1000&#038;dnt=1\"><\/iframe>\n<\/div><\/figure>\n","protected":false},"excerpt":{"rendered":"<p>TPS-kannattajien Vartti ja Forteen -podcastin toisessa jaksossa vierailee jalkapallouransa viime kauteen p\u00e4\u00e4tt\u00e4nyt Juho L\u00e4hde.<\/p>\n","protected":false},"author":1,"featured_media":4842,"comment_status":"closed","ping_status":"closed","sticky":false,"template":"","format":"standard","meta":{"footnotes":"","_links_to":"","_links_to_target":""},"categories":[26,249],"tags":[36,250,42,43,247],"class_list":["post-4840","post","type-post","status-publish","format-standard","has-post-thumbnail","hentry","category-haastattelut","category-vartti-ja-forteen","tag-jalkapallo","tag-juho-lahde","tag-tps","tag-tps-kannattajat","tag-vartti-ja-forteen"],"_links":{"self":[{"href":"https:\/\/tps-kannattajat.net\/site\/wp-json\/wp\/v2\/posts\/4840","targetHints":{"allow":["GET"]}}],"collection":[{"href":"https:\/\/tps-kannattajat.net\/site\/wp-json\/wp\/v2\/posts"}],"about":[{"href":"https:\/\/tps-kannattajat.net\/site\/wp-json\/wp\/v2\/types\/post"}],"author":[{"embeddable":true,"href":"https:\/\/tps-kannattajat.net\/site\/wp-json\/wp\/v2\/users\/1"}],"replies":[{"embeddable":true,"href":"https:\/\/tps-kannattajat.net\/site\/wp-json\/wp\/v2\/comments?post=4840"}],"version-history":[{"count":1,"href":"https:\/\/tps-kannattajat.net\/site\/wp-json\/wp\/v2\/posts\/4840\/revisions"}],"predecessor-version":[{"id":4841,"href":"https:\/\/tps-kannattajat.net\/site\/wp-json\/wp\/v2\/posts\/4840\/revisions\/4841"}],"wp:featuredmedia":[{"embeddable":true,"href":"https:\/\/tps-kannattajat.net\/site\/wp-json\/wp\/v2\/media\/4842"}],"wp:attachment":[{"href":"https:\/\/tps-kannattajat.net\/site\/wp-json\/wp\/v2\/media?parent=4840"}],"wp:term":[{"taxonomy":"category","embeddable":true,"href":"https:\/\/tps-kannattajat.net\/site\/wp-json\/wp\/v2\/categories?post=4840"},{"taxonomy":"post_tag","embeddable":true,"href":"https:\/\/tps-kannattajat.net\/site\/wp-json\/wp\/v2\/tags?post=4840"}],"curies":[{"name":"wp","href":"https:\/\/api.w.org\/{rel}","templated":true}]}}