{"id":5761,"date":"2025-04-17T10:23:57","date_gmt":"2025-04-17T07:23:57","guid":{"rendered":"https:\/\/tps-kannattajat.net\/site\/?p=5761"},"modified":"2025-04-19T09:41:28","modified_gmt":"2025-04-19T06:41:28","slug":"futiskauden-avaus-kino-dianassa-22-4","status":"publish","type":"post","link":"https:\/\/tps-kannattajat.net\/site\/futiskauden-avaus-kino-dianassa-22-4\/","title":{"rendered":"Futiskauden avaus Kino Dianassa 22.4."},"content":{"rendered":"\n<p>TPS-kannattajat, Vartti ja Forteen -podcast ja Kino Diana j\u00e4rjest\u00e4v\u00e4t kannattajaillan futiskauden avaukseen Kino Dianan salissa, osoitteessa Humalistonkatu 3. Ilta pit\u00e4\u00e4 sis\u00e4ll\u00e4\u00e4n Vartti &amp; Forteen -livel\u00e4hetyksen ennen ottelua ja SJK A \u2013 TPS -ottelun isolta screenilt\u00e4. Sis\u00e4\u00e4np\u00e4\u00e4symaksu 10\u20ac ja teatterissa on A-oikeudet. Tapahtuma on K-18. Tapahtumassa on myynniss\u00e4 TPS-kannattajien kannattajatuotteita.<\/p>\n\n\n\n<p><a href=\"https:\/\/holvi.com\/shop\/tpskannattajat\/product\/a84cbc2fddb6406a255fb98b1048100e\/\">Liput!<\/a><\/p>\n\n\n\n<!--more-->\n\n\n\n<p>Aikataulut:<br>Ovet auki: klo 17.30<br>Vartti ja Forteen -livepodcast: klo 18<br>Ottelu: klo 18.30<br>Ottelun j\u00e4lkeen: Vartti ja Forteen -podcastin reaktiojakso live<\/p>\n","protected":false},"excerpt":{"rendered":"<p>TPS-kannattajat, Vartti ja Forteen -podcast ja Kino Diana j\u00e4rjest\u00e4v\u00e4t kannattajaillan futiskauden avaukseen Kino Dianan salissa, osoitteessa Humalistonkatu 3. Ilta pit\u00e4\u00e4 &#8230; <a class=\"read-more\" href=\"https:\/\/tps-kannattajat.net\/site\/futiskauden-avaus-kino-dianassa-22-4\/\">LUE LIS\u00c4\u00c4<\/a><\/p>\n","protected":false},"author":1,"featured_media":5766,"comment_status":"closed","ping_status":"closed","sticky":false,"template":"","format":"standard","meta":{"footnotes":"","_links_to":"","_links_to_target":""},"categories":[28,249],"tags":[36,305,247],"class_list":["post-5761","post","type-post","status-publish","format-standard","has-post-thumbnail","hentry","category-uutiset","category-vartti-ja-forteen","tag-jalkapallo","tag-kino-diana","tag-vartti-ja-forteen"],"_links":{"self":[{"href":"https:\/\/tps-kannattajat.net\/site\/wp-json\/wp\/v2\/posts\/5761","targetHints":{"allow":["GET"]}}],"collection":[{"href":"https:\/\/tps-kannattajat.net\/site\/wp-json\/wp\/v2\/posts"}],"about":[{"href":"https:\/\/tps-kannattajat.net\/site\/wp-json\/wp\/v2\/types\/post"}],"author":[{"embeddable":true,"href":"https:\/\/tps-kannattajat.net\/site\/wp-json\/wp\/v2\/users\/1"}],"replies":[{"embeddable":true,"href":"https:\/\/tps-kannattajat.net\/site\/wp-json\/wp\/v2\/comments?post=5761"}],"version-history":[{"count":5,"href":"https:\/\/tps-kannattajat.net\/site\/wp-json\/wp\/v2\/posts\/5761\/revisions"}],"predecessor-version":[{"id":5791,"href":"https:\/\/tps-kannattajat.net\/site\/wp-json\/wp\/v2\/posts\/5761\/revisions\/5791"}],"wp:featuredmedia":[{"embeddable":true,"href":"https:\/\/tps-kannattajat.net\/site\/wp-json\/wp\/v2\/media\/5766"}],"wp:attachment":[{"href":"https:\/\/tps-kannattajat.net\/site\/wp-json\/wp\/v2\/media?parent=5761"}],"wp:term":[{"taxonomy":"category","embeddable":true,"href":"https:\/\/tps-kannattajat.net\/site\/wp-json\/wp\/v2\/categories?post=5761"},{"taxonomy":"post_tag","embeddable":true,"href":"https:\/\/tps-kannattajat.net\/site\/wp-json\/wp\/v2\/tags?post=5761"}],"curies":[{"name":"wp","href":"https:\/\/api.w.org\/{rel}","templated":true}]}}